{"id":341,"date":"2025-05-20T17:11:36","date_gmt":"2025-05-20T16:11:36","guid":{"rendered":"https:\/\/www.soliconcuba-heidelberg.de\/?p=341"},"modified":"2025-05-20T17:12:10","modified_gmt":"2025-05-20T16:12:10","slug":"lateinamerika-und-trump-2-0","status":"publish","type":"post","link":"https:\/\/www.soliconcuba-heidelberg.de\/?p=341","title":{"rendered":"Lateinamerika und Trump 2.0"},"content":{"rendered":"\n<p><strong>Auswirkungen der \u201eneuen\u201c Au\u00dfenpolitik der USA<\/strong><\/p>\n\n\n\n<figure class=\"wp-block-image size-full\"><img loading=\"lazy\" decoding=\"async\" width=\"500\" height=\"383\" src=\"https:\/\/www.soliconcuba-heidelberg.de\/wp-content\/uploads\/2025\/05\/image.png\" alt=\"\" class=\"wp-image-342\" srcset=\"https:\/\/www.soliconcuba-heidelberg.de\/wp-content\/uploads\/2025\/05\/image.png 500w, https:\/\/www.soliconcuba-heidelberg.de\/wp-content\/uploads\/2025\/05\/image-300x230.png 300w\" sizes=\"auto, (max-width: 500px) 100vw, 500px\" \/><\/figure>\n\n\n\n<p><strong>Podiumsdiskussion mit<\/strong><\/p>\n\n\n\n<p>\u00b7&nbsp;&nbsp;&nbsp;&nbsp;&nbsp;&nbsp;&nbsp;Marcel Kunzmann (Cuba heute)<\/p>\n\n\n\n<p>\u00b7&nbsp;&nbsp;&nbsp;&nbsp;&nbsp;&nbsp;&nbsp;Rudi Kurz (Nicaragua-Forum HD)<\/p>\n\n\n\n<p>\u00b7&nbsp;&nbsp;&nbsp;&nbsp;&nbsp;&nbsp;&nbsp;Alexandra Tell\u00e9z Mora (Bunte Brise)<\/p>\n\n\n\n<p>Vorangetrieben durch Pr\u00e4sident Trump und seinen Au\u00dfenminister Rubio sorgen vielf\u00e4ltige Ank\u00fcndigungen und Ma\u00dfnahmen der US-Administration f\u00fcr gro\u00dfe Besorgnis unter den Staaten Mittel- und S\u00fcdamerikas. Die Szenarien sind so vielf\u00e4ltig wie bedeutsam: Sie reichen von der Abschiebung von MigrantInnen \u00fcber Strafz\u00f6lle und erpresserischer Handelspolitik, bis hin zu&nbsp;Versch\u00e4rfungen von Sanktionen und m\u00f6glichen Okkupationen. Das Leugnen des Klimawandels und die Einstellung von entwicklungspolitischen Kooperationen runden das Bild ab.<\/p>\n\n\n\n<p>VertreterInnen von Lateinamerika-Organisationen unter dem Dach des Eine Welt Zentrums Heidelberg berichten exemplarisch \u00fcber die Auswirkungen auf Cuba, Nicaragua und Venezuela, sowie auf ihre Projektpartner vor Ort.<\/p>\n\n\n\n<p><strong>Freitag, 23. Mai; 19.30 Klub K im Karlstorbahnhof Heidelberg<\/strong><\/p>\n\n\n\n<p>Eintritt: 2 \/ 4 \u20ac<\/p>\n\n\n\n<p><strong>Veranstalter: EWZ Heidelberg<\/strong><\/p>\n\n\n\n<div data-wp-interactive=\"core\/file\" class=\"wp-block-file\"><object data-wp-bind--hidden=\"!state.hasPdfPreview\" hidden class=\"wp-block-file__embed\" data=\"https:\/\/www.soliconcuba-heidelberg.de\/wp-content\/uploads\/2025\/05\/23.5.-VA-Lateinamerika-u-Trump2.0.pdf\" type=\"application\/pdf\" style=\"width:100%;height:860px\" aria-label=\"Einbettung von 23.5. VA Lateinamerika u Trump2.0.\"><\/object><a id=\"wp-block-file--media-01e1cc53-114a-4145-9c0f-14312ffc55b1\" href=\"https:\/\/www.soliconcuba-heidelberg.de\/wp-content\/uploads\/2025\/05\/23.5.-VA-Lateinamerika-u-Trump2.0.pdf\">23.5. VA Lateinamerika u Trump2.0<\/a><a href=\"https:\/\/www.soliconcuba-heidelberg.de\/wp-content\/uploads\/2025\/05\/23.5.-VA-Lateinamerika-u-Trump2.0.pdf\" class=\"wp-block-file__button wp-element-button\" download aria-describedby=\"wp-block-file--media-01e1cc53-114a-4145-9c0f-14312ffc55b1\">Herunterladen<\/a><\/div>\n","protected":false},"excerpt":{"rendered":"<p>Auswirkungen der \u201eneuen\u201c Au\u00dfenpolitik der USA Podiumsdiskussion mit \u00b7&nbsp;&nbsp;&nbsp;&nbsp;&nbsp;&nbsp;&nbsp;Marcel Kunzmann (Cuba heute) \u00b7&nbsp;&nbsp;&nbsp;&nbsp;&nbsp;&nbsp;&nbsp;Rudi Kurz (Nicaragua-Forum HD) \u00b7&nbsp;&nbsp;&nbsp;&nbsp;&nbsp;&nbsp;&nbsp;Alexandra Tell\u00e9z Mora (Bunte Brise) Vorangetrieben durch Pr\u00e4sident Trump und seinen Au\u00dfenminister Rubio sorgen vielf\u00e4ltige Ank\u00fcndigungen und Ma\u00dfnahmen der US-Administration f\u00fcr gro\u00dfe Besorgnis unter den Staaten Mittel- und S\u00fcdamerikas. Die Szenarien sind so vielf\u00e4ltig wie bedeutsam: Sie reichen von &hellip; <\/p>\n<p class=\"link-more\"><a href=\"https:\/\/www.soliconcuba-heidelberg.de\/?p=341\" class=\"more-link\"><span class=\"screen-reader-text\">\u201eLateinamerika und Trump 2.0\u201c<\/span> weiterlesen<\/a><\/p>\n","protected":false},"author":1,"featured_media":0,"comment_status":"closed","ping_status":"open","sticky":false,"template":"","format":"standard","meta":{"inline_featured_image":false,"footnotes":""},"categories":[5],"tags":[11,10,9],"class_list":["post-341","post","type-post","status-publish","format-standard","hentry","category-veranstaltungen","tag-cuba","tag-heidelberg","tag-usa"],"_links":{"self":[{"href":"https:\/\/www.soliconcuba-heidelberg.de\/index.php?rest_route=\/wp\/v2\/posts\/341","targetHints":{"allow":["GET"]}}],"collection":[{"href":"https:\/\/www.soliconcuba-heidelberg.de\/index.php?rest_route=\/wp\/v2\/posts"}],"about":[{"href":"https:\/\/www.soliconcuba-heidelberg.de\/index.php?rest_route=\/wp\/v2\/types\/post"}],"author":[{"embeddable":true,"href":"https:\/\/www.soliconcuba-heidelberg.de\/index.php?rest_route=\/wp\/v2\/users\/1"}],"replies":[{"embeddable":true,"href":"https:\/\/www.soliconcuba-heidelberg.de\/index.php?rest_route=%2Fwp%2Fv2%2Fcomments&post=341"}],"version-history":[{"count":2,"href":"https:\/\/www.soliconcuba-heidelberg.de\/index.php?rest_route=\/wp\/v2\/posts\/341\/revisions"}],"predecessor-version":[{"id":345,"href":"https:\/\/www.soliconcuba-heidelberg.de\/index.php?rest_route=\/wp\/v2\/posts\/341\/revisions\/345"}],"wp:attachment":[{"href":"https:\/\/www.soliconcuba-heidelberg.de\/index.php?rest_route=%2Fwp%2Fv2%2Fmedia&parent=341"}],"wp:term":[{"taxonomy":"category","embeddable":true,"href":"https:\/\/www.soliconcuba-heidelberg.de\/index.php?rest_route=%2Fwp%2Fv2%2Fcategories&post=341"},{"taxonomy":"post_tag","embeddable":true,"href":"https:\/\/www.soliconcuba-heidelberg.de\/index.php?rest_route=%2Fwp%2Fv2%2Ftags&post=341"}],"curies":[{"name":"wp","href":"https:\/\/api.w.org\/{rel}","templated":true}]}}