{"id":298,"date":"2023-04-02T19:34:59","date_gmt":"2023-04-02T18:34:59","guid":{"rendered":"http:\/\/www.soliconcuba-heidelberg.de\/?p=298"},"modified":"2023-04-02T19:36:47","modified_gmt":"2023-04-02T18:36:47","slug":"vortrag","status":"publish","type":"post","link":"https:\/\/www.soliconcuba-heidelberg.de\/?p=298","title":{"rendered":"Vortrag: Cuba im Wandel"},"content":{"rendered":"\n<p>Cubas Wirtschaft in der Krise &#8211; Strukturelle Probleme und Perspektiven des laufenden Reformprozesses<\/p>\n\n\n\n<p>Nach der schwersten Wirtschaftskrise seit Beginn der Sonderperiode und einer noch immer aufs \u00c4u\u00dferte versch\u00e4rften US-Blockade beginnt sich Cubas Wirtschaft langsam zu erholen. Die Versorgungslage jedoch weiterhin prek\u00e4r, viele Menschen verlassen das Land (seit Januar dieses Jahres wenige). Welche Ma\u00dfnahmen wurden ergriffen um die Situation zu \u00e4ndern und wie sieht deren praktische Umsetzung aus? Wie l\u00e4uft das Tourismus? Neben der Beantwortung dieser Fragen soll in dem Vortrag auch ein Blick auf Perspektiven und Widerspr\u00fcche des laufenden Reformprozesses geworfen werden.<\/p>\n\n\n\n<p>Referent aus Berlin: mit dem Politikwissenschaftler und \u00d6konomen <strong>Marcel Kunzmann<\/strong>, Mitarbeiter von Amerika 21<\/p>\n\n\n\n<p>Ort: <strong>Karlstorbahnhof\/Klub<\/strong><\/p>\n\n\n\n<p>Zeit: <strong>Donnerstag, 11. Mai. 20.00 Uhr<\/strong><\/p>\n\n\n\n<p>Veranstalter: Solidaridad con Cuba in Heidelberg<\/p>\n\n\n\n<p>www.soliconcuba-heidelberg.de<\/p>\n\n\n\n<figure class=\"wp-block-image size-large\"><img loading=\"lazy\" decoding=\"async\" width=\"1024\" height=\"768\" src=\"http:\/\/www.soliconcuba-heidelberg.de\/wp-content\/uploads\/2023\/04\/P1060284-1024x768.jpg\" alt=\"\" class=\"wp-image-299\" srcset=\"https:\/\/www.soliconcuba-heidelberg.de\/wp-content\/uploads\/2023\/04\/P1060284-1024x768.jpg 1024w, https:\/\/www.soliconcuba-heidelberg.de\/wp-content\/uploads\/2023\/04\/P1060284-300x225.jpg 300w, https:\/\/www.soliconcuba-heidelberg.de\/wp-content\/uploads\/2023\/04\/P1060284-768x576.jpg 768w, https:\/\/www.soliconcuba-heidelberg.de\/wp-content\/uploads\/2023\/04\/P1060284-1536x1152.jpg 1536w, https:\/\/www.soliconcuba-heidelberg.de\/wp-content\/uploads\/2023\/04\/P1060284-2048x1536.jpg 2048w\" sizes=\"auto, (max-width: 767px) 89vw, (max-width: 1000px) 54vw, (max-width: 1071px) 543px, 580px\" \/><\/figure>\n","protected":false},"excerpt":{"rendered":"<p>Cubas Wirtschaft in der Krise &#8211; Strukturelle Probleme und Perspektiven des laufenden Reformprozesses Nach der schwersten Wirtschaftskrise seit Beginn der Sonderperiode und einer noch immer aufs \u00c4u\u00dferte versch\u00e4rften US-Blockade beginnt sich Cubas Wirtschaft langsam zu erholen. Die Versorgungslage jedoch weiterhin prek\u00e4r, viele Menschen verlassen das Land (seit Januar dieses Jahres wenige). Welche Ma\u00dfnahmen wurden ergriffen &hellip; <\/p>\n<p class=\"link-more\"><a href=\"https:\/\/www.soliconcuba-heidelberg.de\/?p=298\" class=\"more-link\"><span class=\"screen-reader-text\">\u201eVortrag: Cuba im Wandel\u201c<\/span> weiterlesen<\/a><\/p>\n","protected":false},"author":1,"featured_media":0,"comment_status":"closed","ping_status":"open","sticky":false,"template":"","format":"standard","meta":{"inline_featured_image":false,"footnotes":""},"categories":[5],"tags":[],"class_list":["post-298","post","type-post","status-publish","format-standard","hentry","category-veranstaltungen"],"_links":{"self":[{"href":"https:\/\/www.soliconcuba-heidelberg.de\/index.php?rest_route=\/wp\/v2\/posts\/298","targetHints":{"allow":["GET"]}}],"collection":[{"href":"https:\/\/www.soliconcuba-heidelberg.de\/index.php?rest_route=\/wp\/v2\/posts"}],"about":[{"href":"https:\/\/www.soliconcuba-heidelberg.de\/index.php?rest_route=\/wp\/v2\/types\/post"}],"author":[{"embeddable":true,"href":"https:\/\/www.soliconcuba-heidelberg.de\/index.php?rest_route=\/wp\/v2\/users\/1"}],"replies":[{"embeddable":true,"href":"https:\/\/www.soliconcuba-heidelberg.de\/index.php?rest_route=%2Fwp%2Fv2%2Fcomments&post=298"}],"version-history":[{"count":2,"href":"https:\/\/www.soliconcuba-heidelberg.de\/index.php?rest_route=\/wp\/v2\/posts\/298\/revisions"}],"predecessor-version":[{"id":302,"href":"https:\/\/www.soliconcuba-heidelberg.de\/index.php?rest_route=\/wp\/v2\/posts\/298\/revisions\/302"}],"wp:attachment":[{"href":"https:\/\/www.soliconcuba-heidelberg.de\/index.php?rest_route=%2Fwp%2Fv2%2Fmedia&parent=298"}],"wp:term":[{"taxonomy":"category","embeddable":true,"href":"https:\/\/www.soliconcuba-heidelberg.de\/index.php?rest_route=%2Fwp%2Fv2%2Fcategories&post=298"},{"taxonomy":"post_tag","embeddable":true,"href":"https:\/\/www.soliconcuba-heidelberg.de\/index.php?rest_route=%2Fwp%2Fv2%2Ftags&post=298"}],"curies":[{"name":"wp","href":"https:\/\/api.w.org\/{rel}","templated":true}]}}