{"id":292,"date":"2025-10-09T16:41:21","date_gmt":"2025-10-09T15:41:21","guid":{"rendered":"http:\/\/www.soliconcuba-heidelberg.de\/?p=292"},"modified":"2025-10-09T16:55:47","modified_gmt":"2025-10-09T15:55:47","slug":"kuba-braucht-eure-unterstuetzung","status":"publish","type":"post","link":"https:\/\/www.soliconcuba-heidelberg.de\/?p=292","title":{"rendered":"&#x1f1e8;&#x1f1fa; Kuba braucht Eure Unterst\u00fctzung!"},"content":{"rendered":"\n<h1 class=\"wp-block-heading\">Solidaridad con Cuba Heidelberg<br>unterst\u00fctzt ein Schulprojekt in Santa Clara auf Kuba<\/h1>\n\n\n\n<hr class=\"wp-block-separator has-alpha-channel-opacity\"\/>\n\n\n\n<h2 class=\"wp-block-heading\">Hallo Kuba-Interessierte,<\/h2>\n\n\n\n<p>Unsere Gruppe <strong>\u201eSolidaridad con Cuba\u201c Heidelberg<\/strong> unterst\u00fctzt seit <strong>September 2022<\/strong> ein neues Schulprojekt in <strong>Santa Clara<\/strong>.<\/p>\n\n\n\n<p>Im <strong>Juni 2022<\/strong> f\u00fchrten wir ein Vorgespr\u00e4ch mit dem \n<strong>Instituto Cubano de Amistad con los Pueblos (ICAP)<\/strong> \u2014 dem <em>Kubanischen Institut f\u00fcr V\u00f6lkerfreundschaft<\/em>. \nDiese Beh\u00f6rde koordiniert Unterst\u00fctzungsprogramme ausl\u00e4ndischer NGOs.<\/p>\n\n\n\n<p>Im <strong>September 2022<\/strong> reiste ein Vertreter unserer Gruppe nach Kuba, um die Rahmenbedingungen zu kl\u00e4ren. \nEr f\u00fchrte zahlreiche Gespr\u00e4che, unter anderem mit:<\/p>\n\n\n\n<ul class=\"wp-block-list\">\n<li>der ICAP-Pr\u00e4sidentin <em>Iris Menendez<\/em> in Villa Clara,<\/li>\n\n\n\n<li>der Vizepr\u00e4sidentin des Bildungsministeriums der Provinz <em>Mar\u00eda Esther Vasconcelos Ventura<\/em>,<\/li>\n\n\n\n<li>der Vizepr\u00e4sidentin des Kultusministeriums derselben Provinz,<\/li>\n\n\n\n<li>der Direktorin der internationalen Abteilung des Bildungsministeriums <em>Milagros Artiles P\u00e9rez de Prado<\/em>,<\/li>\n\n\n\n<li>der Schulleiterin <em>Yumisleidy Linares<\/em>,<\/li>\n\n\n\n<li>und Vertreter:innen der Stadtverwaltung.<\/li>\n<\/ul>\n\n\n\n<hr class=\"wp-block-separator has-alpha-channel-opacity\"\/>\n\n\n\n<figure class=\"wp-block-image size-full\"><img loading=\"lazy\" decoding=\"async\" width=\"876\" height=\"657\" src=\"https:\/\/www.soliconcuba-heidelberg.de\/wp-content\/uploads\/2025\/10\/page_1_Image16.jpg\" alt=\"\" class=\"wp-image-363\" srcset=\"https:\/\/www.soliconcuba-heidelberg.de\/wp-content\/uploads\/2025\/10\/page_1_Image16.jpg 876w, https:\/\/www.soliconcuba-heidelberg.de\/wp-content\/uploads\/2025\/10\/page_1_Image16-300x225.jpg 300w, https:\/\/www.soliconcuba-heidelberg.de\/wp-content\/uploads\/2025\/10\/page_1_Image16-768x576.jpg 768w\" sizes=\"auto, (max-width: 767px) 89vw, (max-width: 1000px) 54vw, (max-width: 1071px) 543px, 580px\" \/><\/figure>\n\n\n\n<h2 class=\"wp-block-heading\">Gespr\u00e4che und Kooperation<\/h2>\n\n\n\n<p>Wir bedanken uns herzlich bei <strong>ICAP Santa Clara<\/strong> f\u00fcr die gro\u00dfartigen organisatorischen Vorleistungen. \nDiese Gespr\u00e4che f\u00fchrten zu einem <strong>Kooperationsvertrag<\/strong>.<\/p>\n\n\n\n<p>Die Vorbereitungen zeigten deutlich, dass sich eine <strong>vertrauensvolle und konstruktive Zusammenarbeit<\/strong> entwickeln l\u00e4sst \u2014 unser Engagement in Santa Clara ist <strong>sehr willkommen<\/strong>.<\/p>\n\n\n\n<hr class=\"wp-block-separator has-alpha-channel-opacity\"\/>\n\n\n\n<h2 class=\"wp-block-heading\">Die Schule \u201eEscuela Preuniversitario Ernesto Che Guevara\u201c<\/h2>\n\n\n\n<p>Das Projekt ist an der Schule <strong>\u201eEscuela pre Universitario Ernesto Che Guevara\u201c<\/strong> in Santa Clara angesiedelt, die <strong>im November 1976<\/strong> gegr\u00fcndet wurde.<\/p>\n\n\n\n<p>Die Schule hat ein <strong>naturwissenschaftliches Profil<\/strong>, mit den Schwerpunkten:<\/p>\n\n\n\n<ul class=\"wp-block-list\">\n<li>Chemie<\/li>\n\n\n\n<li>Physik<\/li>\n\n\n\n<li>Mathematik<\/li>\n\n\n\n<li>Biologie<\/li>\n\n\n\n<li>Biotechnologie<\/li>\n\n\n\n<li>Technik<\/li>\n<\/ul>\n\n\n\n<p>Zus\u00e4tzlich lernen alle Sch\u00fcler:innen <strong>Englisch<\/strong> sowie weitere Fremdsprachen wie <strong>Franz\u00f6sisch<\/strong>, <strong>Portugiesisch<\/strong> oder <strong>Russisch<\/strong>.<\/p>\n\n\n\n<p>Im Sportunterricht sind <strong>Fu\u00dfball<\/strong>, <strong>Basketball<\/strong> und <strong>Volleyball<\/strong> sehr beliebt.<\/p>\n\n\n\n<blockquote class=\"wp-block-quote is-layout-flow wp-block-quote-is-layout-flow\">\n<p>Die \u201eEscuela pre Universitario Ernesto Che Guevara\u201c ist Teil des staatlich organisierten Bildungssystems Kubas \u2013 eine wirkliche Errungenschaft der Revolution:<br><strong>Bildung ist f\u00fcr jeden Menschen garantiert.<\/strong><\/p>\n<\/blockquote>\n\n\n\n<hr class=\"wp-block-separator has-alpha-channel-opacity\"\/>\n\n\n\n<figure class=\"wp-block-image size-full\"><img loading=\"lazy\" decoding=\"async\" width=\"863\" height=\"647\" src=\"https:\/\/www.soliconcuba-heidelberg.de\/wp-content\/uploads\/2025\/10\/page_2_Image23.jpg\" alt=\"\" class=\"wp-image-364\" srcset=\"https:\/\/www.soliconcuba-heidelberg.de\/wp-content\/uploads\/2025\/10\/page_2_Image23.jpg 863w, https:\/\/www.soliconcuba-heidelberg.de\/wp-content\/uploads\/2025\/10\/page_2_Image23-300x225.jpg 300w, https:\/\/www.soliconcuba-heidelberg.de\/wp-content\/uploads\/2025\/10\/page_2_Image23-768x576.jpg 768w\" sizes=\"auto, (max-width: 767px) 89vw, (max-width: 1000px) 54vw, (max-width: 1071px) 543px, 580px\" \/><\/figure>\n\n\n\n<h2 class=\"wp-block-heading\">Sch\u00fcler:innen und Ausstattung<\/h2>\n\n\n\n<p>Aktuell besuchen etwa <strong>830 Sch\u00fcler:innen im Alter von 15\u201318 Jahren<\/strong> die Schule, um sich auf ein Universit\u00e4tsstudium vorzubereiten. \nViele kommen aus entfernten Provinzen, z. B. <strong>Guant\u00e1namo<\/strong>.<\/p>\n\n\n\n<p>Unser Ziel: <strong>Unterst\u00fctzer:innen in Deutschland finden<\/strong>, damit die Sch\u00fcler:innen die n\u00f6tigen <strong>Sachmittel<\/strong> erhalten.<\/p>\n\n\n\n<p>Es fehlt an:<\/p>\n\n\n\n<ul class=\"wp-block-list\">\n<li>M\u00f6beln (Betten, Schr\u00e4nke usw.) f\u00fcr die Internatsr\u00e4ume<\/li>\n\n\n\n<li>Lernmaterialien (z. B. Schreibbedarf)<\/li>\n\n\n\n<li>Renovierung von Klassenr\u00e4umen und Geb\u00e4udeteilen<\/li>\n<\/ul>\n\n\n\n<hr class=\"wp-block-separator has-alpha-channel-opacity\"\/>\n\n\n\n<h2 class=\"wp-block-heading\">Unser Engagement<\/h2>\n\n\n\n<p>Wir m\u00f6chten <strong>internationale Solidarit\u00e4t praktisch umsetzen<\/strong>. \nAlle Spendengelder flie\u00dfen <strong>direkt in die Projektfinanzierung<\/strong>. \nUnsere Mitglieder arbeiten <strong>ehrenamtlich<\/strong>, und <strong>jeder Euro<\/strong> kommt <strong>dem Projekt zugute<\/strong>.<\/p>\n\n\n\n<hr class=\"wp-block-separator has-alpha-channel-opacity\"\/>\n\n\n\n<h2 class=\"wp-block-heading\">Warum Unterst\u00fctzung n\u00f6tig ist<\/h2>\n\n\n\n<p><strong>Solidarit\u00e4t mit Kuba ist heute n\u00f6tiger denn je.<\/strong><\/p>\n\n\n\n<p>Die seit \u00fcber <strong>60 Jahren bestehende US-Wirtschaftsblockade<\/strong> hat der Bev\u00f6lkerung enormen Schaden zugef\u00fcgt \u2013 \ndie wirtschaftlichen und sozialen Folgen werden auf <strong>\u00fcber 933 Milliarden US-Dollar<\/strong> gesch\u00e4tzt.<\/p>\n\n\n\n<p>Kuba wurde zudem <strong>auf eine Liste von Terrorstaaten gesetzt<\/strong>, was den internationalen Handel zus\u00e4tzlich erschwert.<\/p>\n\n\n\n<p>Bei der letzten <strong>UN-Vollversammlung<\/strong> stimmten <strong>185 Staaten<\/strong> f\u00fcr die <strong>sofortige Aufhebung der Blockade<\/strong> \u2013 \nnur <strong>die USA und Israel<\/strong> votierten dagegen.<\/p>\n\n\n\n<blockquote class=\"wp-block-quote is-layout-flow wp-block-quote-is-layout-flow\">\n<p>Zum 30. Mal hat die Generalversammlung der Vereinten Nationen diese Politik verurteilt.<\/p>\n<\/blockquote>\n\n\n\n<p>Unter den US-Pr\u00e4sidenten <strong>Donald Trump<\/strong> und <strong>Joe Biden<\/strong> wurde die Blockade <strong>noch versch\u00e4rft<\/strong>. \nSeit Bidens Amtsantritt entsteht Kuba ein Schaden von etwa <strong>15 Millionen US-Dollar pro Tag<\/strong> \u2013 \nGeld, das f\u00fcr Gesundheit und Bildung fehlt.<\/p>\n\n\n\n<hr class=\"wp-block-separator has-alpha-channel-opacity\"\/>\n\n\n\n<h2 class=\"wp-block-heading\">Jetzt spenden \u2013 Solidarit\u00e4t zeigen!<\/h2>\n\n\n\n<p>Wir sammeln <strong>Spenden<\/strong>, die <strong>direkt<\/strong> in das Schulprojekt flie\u00dfen \nund <strong>mehreren Hundert Schulkindern<\/strong> zugutekommen.<\/p>\n\n\n\n<p><strong>Jede Spende ist ein Zeichen f\u00fcr Solidarit\u00e4t.<\/strong><\/p>\n\n\n\n<hr class=\"wp-block-separator has-alpha-channel-opacity\"\/>\n\n\n\n<h2 class=\"wp-block-heading\">Kontakt &amp; Spendenkonto<\/h2>\n\n\n\n<p>&#x1f310; <strong>Website:<\/strong> <a href=\"http:\/\/www.soliconcuba-heidelberg.de\" target=\"_blank\">www.soliconcuba-heidelberg.de<\/a><br>\n&#x2709;&#xfe0f; <strong>E-Mail:<\/strong> <a href=\"mailto:soliconcuba-heidelberg@gmx.de\">soliconcuba-heidelberg@gmx.de<\/a><\/p>\n\n\n\n<p><strong>&#x1f3e6; Kontoverbindung:<\/strong><br>\n<strong>Netzwerk Cuba e.V.<\/strong><br>\nIBAN: <strong>DE28 4306 0967 1206 4415 00<\/strong><br>\n<strong>Verwendungszweck:<\/strong> Schulprojekt in Santa Clara<\/p>\n\n\n\n<div class=\"wp-block-file\"><a id=\"wp-block-file--media-62223637-ae98-4dbf-a1fc-4a00573d98d8\" href=\"https:\/\/www.soliconcuba-heidelberg.de\/?attachment_id=293\">Kuba-Projekt-Santa-Clara<\/a><a href=\"http:\/\/www.soliconcuba-heidelberg.de\/wp-content\/uploads\/2022\/12\/Kuba-Projekt-Santa-Clara-Text-4.pdf\" class=\"wp-block-file__button wp-element-button\" download aria-describedby=\"wp-block-file--media-62223637-ae98-4dbf-a1fc-4a00573d98d8\">Herunterladen<\/a><\/div>\n","protected":false},"excerpt":{"rendered":"<p>Solidaridad con Cuba Heidelbergunterst\u00fctzt ein Schulprojekt in Santa Clara auf Kuba Hallo Kuba-Interessierte, Unsere Gruppe \u201eSolidaridad con Cuba\u201c Heidelberg unterst\u00fctzt seit September 2022 ein neues Schulprojekt in Santa Clara. Im Juni 2022 f\u00fchrten wir ein Vorgespr\u00e4ch mit dem Instituto Cubano de Amistad con los Pueblos (ICAP) \u2014 dem Kubanischen Institut f\u00fcr V\u00f6lkerfreundschaft. Diese Beh\u00f6rde koordiniert &hellip; <\/p>\n<p class=\"link-more\"><a href=\"https:\/\/www.soliconcuba-heidelberg.de\/?p=292\" class=\"more-link\"><span class=\"screen-reader-text\">\u201e&#x1f1e8;&#x1f1fa; Kuba braucht Eure Unterst\u00fctzung!\u201c<\/span> weiterlesen<\/a><\/p>\n","protected":false},"author":1,"featured_media":0,"comment_status":"closed","ping_status":"open","sticky":false,"template":"","format":"standard","meta":{"inline_featured_image":false,"footnotes":""},"categories":[],"tags":[10,12],"class_list":["post-292","post","type-post","status-publish","format-standard","hentry","tag-heidelberg","tag-spenden"],"_links":{"self":[{"href":"https:\/\/www.soliconcuba-heidelberg.de\/index.php?rest_route=\/wp\/v2\/posts\/292","targetHints":{"allow":["GET"]}}],"collection":[{"href":"https:\/\/www.soliconcuba-heidelberg.de\/index.php?rest_route=\/wp\/v2\/posts"}],"about":[{"href":"https:\/\/www.soliconcuba-heidelberg.de\/index.php?rest_route=\/wp\/v2\/types\/post"}],"author":[{"embeddable":true,"href":"https:\/\/www.soliconcuba-heidelberg.de\/index.php?rest_route=\/wp\/v2\/users\/1"}],"replies":[{"embeddable":true,"href":"https:\/\/www.soliconcuba-heidelberg.de\/index.php?rest_route=%2Fwp%2Fv2%2Fcomments&post=292"}],"version-history":[{"count":5,"href":"https:\/\/www.soliconcuba-heidelberg.de\/index.php?rest_route=\/wp\/v2\/posts\/292\/revisions"}],"predecessor-version":[{"id":366,"href":"https:\/\/www.soliconcuba-heidelberg.de\/index.php?rest_route=\/wp\/v2\/posts\/292\/revisions\/366"}],"wp:attachment":[{"href":"https:\/\/www.soliconcuba-heidelberg.de\/index.php?rest_route=%2Fwp%2Fv2%2Fmedia&parent=292"}],"wp:term":[{"taxonomy":"category","embeddable":true,"href":"https:\/\/www.soliconcuba-heidelberg.de\/index.php?rest_route=%2Fwp%2Fv2%2Fcategories&post=292"},{"taxonomy":"post_tag","embeddable":true,"href":"https:\/\/www.soliconcuba-heidelberg.de\/index.php?rest_route=%2Fwp%2Fv2%2Ftags&post=292"}],"curies":[{"name":"wp","href":"https:\/\/api.w.org\/{rel}","templated":true}]}}