{"id":376,"date":"2025-10-12T13:40:27","date_gmt":"2025-10-12T12:40:27","guid":{"rendered":"https:\/\/www.soliconcuba-heidelberg.de\/?p=376"},"modified":"2025-10-12T13:40:27","modified_gmt":"2025-10-12T12:40:27","slug":"unser-monantliches-treffen","status":"publish","type":"post","link":"http:\/\/www.soliconcuba-heidelberg.de\/?p=376","title":{"rendered":"Unser monantliches Treffen"},"content":{"rendered":"\n<p>Unser monatliches Treffen findet jeden letzten Sonntag im Monat um 11.00 Uhr statt. Wir treffen uns f\u00fcr ein gemeinsames Fr\u00fchst\u00fcck und Gespr\u00e4che \u00fcber unsere Aktivit\u00e4ten. Wir freuen uns \u00fcber neue Interessierte, die Cuba helfen wollen und zu uns zum Treffen kommen. Wir treffen uns im Welthaus\/Eine-Welt-Zentrum in der Kurf\u00fcrsten-Anlage 25 am R\u00f6merkreis, 69115 Heidelberg. E-Mail-Adresse:&nbsp;<a href=\"mailto:soliconcuba-heidelberg@gmx.de\" rel=\"noreferrer noopener\" target=\"_blank\">soliconcuba-heidelberg@gmx.de<\/a><\/p>\n\n\n\n<p>Kommt vorbei! Kontaktiert uns!&nbsp;<\/p>\n\n\n\n<p>Wir freuen uns!&nbsp;<\/p>\n\n\n\n<p>Solidaridad con Cuba Heidelberg<\/p>\n","protected":false},"excerpt":{"rendered":"<p>Unser monatliches Treffen findet jeden letzten Sonntag im Monat um 11.00 Uhr statt. Wir treffen uns f\u00fcr ein gemeinsames Fr\u00fchst\u00fcck und Gespr\u00e4che \u00fcber unsere Aktivit\u00e4ten. Wir freuen uns \u00fcber neue Interessierte, die Cuba helfen wollen und zu uns zum Treffen kommen. Wir treffen uns im Welthaus\/Eine-Welt-Zentrum in der Kurf\u00fcrsten-Anlage 25 am R\u00f6merkreis, 69115 Heidelberg. E-Mail-Adresse:&nbsp;soliconcuba-heidelberg@gmx.de &hellip; <\/p>\n<p class=\"link-more\"><a href=\"http:\/\/www.soliconcuba-heidelberg.de\/?p=376\" class=\"more-link\"><span class=\"screen-reader-text\">\u201eUnser monantliches Treffen\u201c<\/span> weiterlesen<\/a><\/p>\n","protected":false},"author":1,"featured_media":0,"comment_status":"closed","ping_status":"open","sticky":false,"template":"","format":"standard","meta":{"inline_featured_image":false,"footnotes":""},"categories":[5],"tags":[11,10],"class_list":["post-376","post","type-post","status-publish","format-standard","hentry","category-veranstaltungen","tag-cuba","tag-heidelberg"],"_links":{"self":[{"href":"http:\/\/www.soliconcuba-heidelberg.de\/index.php?rest_route=\/wp\/v2\/posts\/376","targetHints":{"allow":["GET"]}}],"collection":[{"href":"http:\/\/www.soliconcuba-heidelberg.de\/index.php?rest_route=\/wp\/v2\/posts"}],"about":[{"href":"http:\/\/www.soliconcuba-heidelberg.de\/index.php?rest_route=\/wp\/v2\/types\/post"}],"author":[{"embeddable":true,"href":"http:\/\/www.soliconcuba-heidelberg.de\/index.php?rest_route=\/wp\/v2\/users\/1"}],"replies":[{"embeddable":true,"href":"http:\/\/www.soliconcuba-heidelberg.de\/index.php?rest_route=%2Fwp%2Fv2%2Fcomments&post=376"}],"version-history":[{"count":1,"href":"http:\/\/www.soliconcuba-heidelberg.de\/index.php?rest_route=\/wp\/v2\/posts\/376\/revisions"}],"predecessor-version":[{"id":377,"href":"http:\/\/www.soliconcuba-heidelberg.de\/index.php?rest_route=\/wp\/v2\/posts\/376\/revisions\/377"}],"wp:attachment":[{"href":"http:\/\/www.soliconcuba-heidelberg.de\/index.php?rest_route=%2Fwp%2Fv2%2Fmedia&parent=376"}],"wp:term":[{"taxonomy":"category","embeddable":true,"href":"http:\/\/www.soliconcuba-heidelberg.de\/index.php?rest_route=%2Fwp%2Fv2%2Fcategories&post=376"},{"taxonomy":"post_tag","embeddable":true,"href":"http:\/\/www.soliconcuba-heidelberg.de\/index.php?rest_route=%2Fwp%2Fv2%2Ftags&post=376"}],"curies":[{"name":"wp","href":"https:\/\/api.w.org\/{rel}","templated":true}]}}