{"id":280,"date":"2022-10-20T22:19:04","date_gmt":"2022-10-20T21:19:04","guid":{"rendered":"http:\/\/www.soliconcuba-heidelberg.de\/?p=280"},"modified":"2022-10-20T22:25:04","modified_gmt":"2022-10-20T21:25:04","slug":"solidaritaet-in-zeiten-der-krise-cuba-trotz-corona-und-blockade-der-usa","status":"publish","type":"post","link":"http:\/\/www.soliconcuba-heidelberg.de\/?p=280","title":{"rendered":"&#8222;Solidarit\u00e4t in Zeiten der Krise &#8211; Cuba trotz Corona und Blockade der USA&#8220;"},"content":{"rendered":"\n<p>Liebe Freunde und liebe Cuba-Interessierte,<\/p>\n\n\n\n<p>wir m\u00f6chten Euch herzlich zu der Veranstaltung einladen, die wir am Montag, den 24. Oktober im Welthaus in Heidelberg \u00fcber Cuba organisiert haben.<\/p>\n\n\n\n<p>&#8222;Solidarit\u00e4t in Zeiten der Krise &#8211; Cuba trotz Corona und Blockade der USA&#8220;<\/p>\n\n\n\n<p>Unter diesem Motto m\u00f6chten wir auch \u00fcber die aktuelle Situation in Cuba berichten. Ein Mitglied unserer Gruppe &#8222;Solidaridad con Cuba Heidelberg&#8220; ist vor zwei Wochen aus Cuba zur\u00fcckgekehrt. Er wird \u00fcber die aktuelle Wirtschaftslage und die politische Situation auf der Insel und \u00fcber die Versch\u00e4rfung der US &#8211; Blockade gegen Cuba berichten. <br>Weiterhin wird er \u00fcber unser wichtiges, neues Schulprojekt in Santa Clara sprechen &#8211; ein Schulprojekt, das wir von hier aus finanziell und materiell unterst\u00fctzen. Die &#8222;Escuela Pre-Universitaria&#8220; in Santa Clara ist eine Vorbereitungsschule f\u00fcr Sch\u00fclerInnen, die 15 bis 18 Jahre alt sind und sich f\u00fcr die Universit\u00e4t vorbereiten. Diese Schule hat 830 Sch\u00fclerInnen. Wir brauchen jede Unterst\u00fctzung gegen die Blockade, die die USA \u00fcber Cuba verh\u00e4ngt hat!<\/p>\n\n\n\n<p>Die USA behindern die \u00f6konomischen Beziehungen Cubas mit anderen L\u00e4ndern in massiver Weise. Ihre Wirtschaftsblockade verst\u00f6\u00dft massiv gegen das Recht Cubas auf eine eigenst\u00e4ndige Entwicklung und hat zunehmend exterritoriale Auswirkungen auf Drittl\u00e4nder, auch bei uns.<br>Wie wenden sich hier die regierenden PolitikerInnen von diesem Skandal ab? Oder laufen sie mit der Wirtschaftsblockade der USA gegen Cuba mit? Dar\u00fcber m\u00f6chten wir auch berichten und mit Euch ins Gespr\u00e4ch kommen.<\/p>\n\n\n\n<p>Kommt vorbei! Wir freuen uns auf Euer Kommen. Informiert ihr bitte auch Euren Freunde und Bekannten \u00fcber unsere Veranstaltung am 24. Oktober.<br>Vielen Dank!<\/p>\n\n\n\n<p>Veranstaltung: am Montag, 24. Oktober. 2022 um 20.00 Uhr<\/p>\n\n\n\n<p>Ort: Welthaus, am Hauptbahnhof Heidelberg, 1. Stock<\/p>\n\n\n\n<p>Veranstalter: Solidaridad con Cuba Heidelberg<\/p>\n\n\n\n<figure class=\"wp-block-gallery columns-2 is-cropped wp-block-gallery-1 is-layout-flex wp-block-gallery-is-layout-flex\"><ul class=\"blocks-gallery-grid\"><li class=\"blocks-gallery-item\"><figure><img loading=\"lazy\" decoding=\"async\" width=\"1024\" height=\"768\" src=\"http:\/\/www.soliconcuba-heidelberg.de\/wp-content\/uploads\/2022\/10\/WhatsApp-Image-2022-09-21-at-15.38.04-1024x768.jpeg\" alt=\"\" data-id=\"281\" data-full-url=\"http:\/\/www.soliconcuba-heidelberg.de\/wp-content\/uploads\/2022\/10\/WhatsApp-Image-2022-09-21-at-15.38.04.jpeg\" data-link=\"http:\/\/www.soliconcuba-heidelberg.de\/?attachment_id=281\" class=\"wp-image-281\" srcset=\"http:\/\/www.soliconcuba-heidelberg.de\/wp-content\/uploads\/2022\/10\/WhatsApp-Image-2022-09-21-at-15.38.04-1024x768.jpeg 1024w, http:\/\/www.soliconcuba-heidelberg.de\/wp-content\/uploads\/2022\/10\/WhatsApp-Image-2022-09-21-at-15.38.04-300x225.jpeg 300w, http:\/\/www.soliconcuba-heidelberg.de\/wp-content\/uploads\/2022\/10\/WhatsApp-Image-2022-09-21-at-15.38.04-768x576.jpeg 768w, http:\/\/www.soliconcuba-heidelberg.de\/wp-content\/uploads\/2022\/10\/WhatsApp-Image-2022-09-21-at-15.38.04-1536x1152.jpeg 1536w, http:\/\/www.soliconcuba-heidelberg.de\/wp-content\/uploads\/2022\/10\/WhatsApp-Image-2022-09-21-at-15.38.04.jpeg 1600w\" sizes=\"auto, (max-width: 767px) 89vw, (max-width: 1000px) 54vw, (max-width: 1071px) 543px, 580px\" \/><\/figure><\/li><li class=\"blocks-gallery-item\"><figure><img loading=\"lazy\" decoding=\"async\" width=\"1024\" height=\"768\" src=\"http:\/\/www.soliconcuba-heidelberg.de\/wp-content\/uploads\/2022\/10\/WhatsApp-Image-2022-09-21-at-15.37.41-1024x768.jpeg\" alt=\"\" data-id=\"282\" data-full-url=\"http:\/\/www.soliconcuba-heidelberg.de\/wp-content\/uploads\/2022\/10\/WhatsApp-Image-2022-09-21-at-15.37.41.jpeg\" data-link=\"http:\/\/www.soliconcuba-heidelberg.de\/?attachment_id=282\" class=\"wp-image-282\" srcset=\"http:\/\/www.soliconcuba-heidelberg.de\/wp-content\/uploads\/2022\/10\/WhatsApp-Image-2022-09-21-at-15.37.41-1024x768.jpeg 1024w, http:\/\/www.soliconcuba-heidelberg.de\/wp-content\/uploads\/2022\/10\/WhatsApp-Image-2022-09-21-at-15.37.41-300x225.jpeg 300w, http:\/\/www.soliconcuba-heidelberg.de\/wp-content\/uploads\/2022\/10\/WhatsApp-Image-2022-09-21-at-15.37.41-768x576.jpeg 768w, http:\/\/www.soliconcuba-heidelberg.de\/wp-content\/uploads\/2022\/10\/WhatsApp-Image-2022-09-21-at-15.37.41-1536x1152.jpeg 1536w, http:\/\/www.soliconcuba-heidelberg.de\/wp-content\/uploads\/2022\/10\/WhatsApp-Image-2022-09-21-at-15.37.41.jpeg 1600w\" sizes=\"auto, (max-width: 767px) 89vw, (max-width: 1000px) 54vw, (max-width: 1071px) 543px, 580px\" \/><\/figure><\/li><li class=\"blocks-gallery-item\"><figure><img loading=\"lazy\" decoding=\"async\" width=\"1024\" height=\"768\" src=\"http:\/\/www.soliconcuba-heidelberg.de\/wp-content\/uploads\/2022\/10\/WhatsApp-Image-2022-09-21-at-15.36.45-1024x768.jpeg\" alt=\"\" data-id=\"283\" data-full-url=\"http:\/\/www.soliconcuba-heidelberg.de\/wp-content\/uploads\/2022\/10\/WhatsApp-Image-2022-09-21-at-15.36.45.jpeg\" data-link=\"http:\/\/www.soliconcuba-heidelberg.de\/?attachment_id=283\" class=\"wp-image-283\" srcset=\"http:\/\/www.soliconcuba-heidelberg.de\/wp-content\/uploads\/2022\/10\/WhatsApp-Image-2022-09-21-at-15.36.45-1024x768.jpeg 1024w, http:\/\/www.soliconcuba-heidelberg.de\/wp-content\/uploads\/2022\/10\/WhatsApp-Image-2022-09-21-at-15.36.45-300x225.jpeg 300w, http:\/\/www.soliconcuba-heidelberg.de\/wp-content\/uploads\/2022\/10\/WhatsApp-Image-2022-09-21-at-15.36.45-768x576.jpeg 768w, http:\/\/www.soliconcuba-heidelberg.de\/wp-content\/uploads\/2022\/10\/WhatsApp-Image-2022-09-21-at-15.36.45-1536x1152.jpeg 1536w, http:\/\/www.soliconcuba-heidelberg.de\/wp-content\/uploads\/2022\/10\/WhatsApp-Image-2022-09-21-at-15.36.45.jpeg 1600w\" sizes=\"auto, (max-width: 767px) 89vw, (max-width: 1000px) 54vw, (max-width: 1071px) 543px, 580px\" \/><\/figure><\/li><li class=\"blocks-gallery-item\"><figure><img loading=\"lazy\" decoding=\"async\" width=\"1024\" height=\"768\" src=\"http:\/\/www.soliconcuba-heidelberg.de\/wp-content\/uploads\/2022\/10\/WhatsApp-Image-2022-09-21-at-15.31.31-1024x768.jpeg\" alt=\"\" data-id=\"284\" data-full-url=\"http:\/\/www.soliconcuba-heidelberg.de\/wp-content\/uploads\/2022\/10\/WhatsApp-Image-2022-09-21-at-15.31.31.jpeg\" data-link=\"http:\/\/www.soliconcuba-heidelberg.de\/?attachment_id=284\" class=\"wp-image-284\" srcset=\"http:\/\/www.soliconcuba-heidelberg.de\/wp-content\/uploads\/2022\/10\/WhatsApp-Image-2022-09-21-at-15.31.31-1024x768.jpeg 1024w, http:\/\/www.soliconcuba-heidelberg.de\/wp-content\/uploads\/2022\/10\/WhatsApp-Image-2022-09-21-at-15.31.31-300x225.jpeg 300w, http:\/\/www.soliconcuba-heidelberg.de\/wp-content\/uploads\/2022\/10\/WhatsApp-Image-2022-09-21-at-15.31.31-768x576.jpeg 768w, http:\/\/www.soliconcuba-heidelberg.de\/wp-content\/uploads\/2022\/10\/WhatsApp-Image-2022-09-21-at-15.31.31-1536x1152.jpeg 1536w, http:\/\/www.soliconcuba-heidelberg.de\/wp-content\/uploads\/2022\/10\/WhatsApp-Image-2022-09-21-at-15.31.31.jpeg 1600w\" sizes=\"auto, (max-width: 767px) 89vw, (max-width: 1000px) 54vw, (max-width: 1071px) 543px, 580px\" \/><\/figure><\/li><li class=\"blocks-gallery-item\"><figure><img loading=\"lazy\" decoding=\"async\" width=\"1024\" height=\"768\" src=\"http:\/\/www.soliconcuba-heidelberg.de\/wp-content\/uploads\/2022\/10\/WhatsApp-Image-2022-09-16-at-15.37.17-1024x768.jpeg\" alt=\"\" data-id=\"285\" data-full-url=\"http:\/\/www.soliconcuba-heidelberg.de\/wp-content\/uploads\/2022\/10\/WhatsApp-Image-2022-09-16-at-15.37.17.jpeg\" data-link=\"http:\/\/www.soliconcuba-heidelberg.de\/?attachment_id=285\" class=\"wp-image-285\" srcset=\"http:\/\/www.soliconcuba-heidelberg.de\/wp-content\/uploads\/2022\/10\/WhatsApp-Image-2022-09-16-at-15.37.17-1024x768.jpeg 1024w, http:\/\/www.soliconcuba-heidelberg.de\/wp-content\/uploads\/2022\/10\/WhatsApp-Image-2022-09-16-at-15.37.17-300x225.jpeg 300w, http:\/\/www.soliconcuba-heidelberg.de\/wp-content\/uploads\/2022\/10\/WhatsApp-Image-2022-09-16-at-15.37.17-768x576.jpeg 768w, http:\/\/www.soliconcuba-heidelberg.de\/wp-content\/uploads\/2022\/10\/WhatsApp-Image-2022-09-16-at-15.37.17-1536x1152.jpeg 1536w, http:\/\/www.soliconcuba-heidelberg.de\/wp-content\/uploads\/2022\/10\/WhatsApp-Image-2022-09-16-at-15.37.17.jpeg 1600w\" sizes=\"auto, (max-width: 767px) 89vw, (max-width: 1000px) 54vw, (max-width: 1071px) 543px, 580px\" \/><\/figure><\/li><li class=\"blocks-gallery-item\"><figure><img loading=\"lazy\" decoding=\"async\" width=\"1024\" height=\"768\" src=\"http:\/\/www.soliconcuba-heidelberg.de\/wp-content\/uploads\/2022\/10\/WhatsApp-Image-2022-09-16-at-05.29.38-1024x768.jpeg\" alt=\"\" data-id=\"286\" data-full-url=\"http:\/\/www.soliconcuba-heidelberg.de\/wp-content\/uploads\/2022\/10\/WhatsApp-Image-2022-09-16-at-05.29.38.jpeg\" data-link=\"http:\/\/www.soliconcuba-heidelberg.de\/?attachment_id=286\" class=\"wp-image-286\" srcset=\"http:\/\/www.soliconcuba-heidelberg.de\/wp-content\/uploads\/2022\/10\/WhatsApp-Image-2022-09-16-at-05.29.38-1024x768.jpeg 1024w, http:\/\/www.soliconcuba-heidelberg.de\/wp-content\/uploads\/2022\/10\/WhatsApp-Image-2022-09-16-at-05.29.38-300x225.jpeg 300w, http:\/\/www.soliconcuba-heidelberg.de\/wp-content\/uploads\/2022\/10\/WhatsApp-Image-2022-09-16-at-05.29.38-768x576.jpeg 768w, http:\/\/www.soliconcuba-heidelberg.de\/wp-content\/uploads\/2022\/10\/WhatsApp-Image-2022-09-16-at-05.29.38-1536x1152.jpeg 1536w, http:\/\/www.soliconcuba-heidelberg.de\/wp-content\/uploads\/2022\/10\/WhatsApp-Image-2022-09-16-at-05.29.38.jpeg 1600w\" sizes=\"auto, (max-width: 767px) 89vw, (max-width: 1000px) 54vw, (max-width: 1071px) 543px, 580px\" \/><\/figure><\/li><\/ul><\/figure>\n","protected":false},"excerpt":{"rendered":"<p>Liebe Freunde und liebe Cuba-Interessierte, wir m\u00f6chten Euch herzlich zu der Veranstaltung einladen, die wir am Montag, den 24. Oktober im Welthaus in Heidelberg \u00fcber Cuba organisiert haben. &#8222;Solidarit\u00e4t in Zeiten der Krise &#8211; Cuba trotz Corona und Blockade der USA&#8220; Unter diesem Motto m\u00f6chten wir auch \u00fcber die aktuelle Situation in Cuba berichten. Ein &hellip; <\/p>\n<p class=\"link-more\"><a href=\"http:\/\/www.soliconcuba-heidelberg.de\/?p=280\" class=\"more-link\"><span class=\"screen-reader-text\">\u201e&#8222;Solidarit\u00e4t in Zeiten der Krise &#8211; Cuba trotz Corona und Blockade der USA&#8220;\u201c<\/span> weiterlesen<\/a><\/p>\n","protected":false},"author":1,"featured_media":0,"comment_status":"closed","ping_status":"open","sticky":false,"template":"","format":"standard","meta":{"inline_featured_image":false,"footnotes":""},"categories":[5],"tags":[],"class_list":["post-280","post","type-post","status-publish","format-standard","hentry","category-veranstaltungen"],"_links":{"self":[{"href":"http:\/\/www.soliconcuba-heidelberg.de\/index.php?rest_route=\/wp\/v2\/posts\/280","targetHints":{"allow":["GET"]}}],"collection":[{"href":"http:\/\/www.soliconcuba-heidelberg.de\/index.php?rest_route=\/wp\/v2\/posts"}],"about":[{"href":"http:\/\/www.soliconcuba-heidelberg.de\/index.php?rest_route=\/wp\/v2\/types\/post"}],"author":[{"embeddable":true,"href":"http:\/\/www.soliconcuba-heidelberg.de\/index.php?rest_route=\/wp\/v2\/users\/1"}],"replies":[{"embeddable":true,"href":"http:\/\/www.soliconcuba-heidelberg.de\/index.php?rest_route=%2Fwp%2Fv2%2Fcomments&post=280"}],"version-history":[{"count":3,"href":"http:\/\/www.soliconcuba-heidelberg.de\/index.php?rest_route=\/wp\/v2\/posts\/280\/revisions"}],"predecessor-version":[{"id":290,"href":"http:\/\/www.soliconcuba-heidelberg.de\/index.php?rest_route=\/wp\/v2\/posts\/280\/revisions\/290"}],"wp:attachment":[{"href":"http:\/\/www.soliconcuba-heidelberg.de\/index.php?rest_route=%2Fwp%2Fv2%2Fmedia&parent=280"}],"wp:term":[{"taxonomy":"category","embeddable":true,"href":"http:\/\/www.soliconcuba-heidelberg.de\/index.php?rest_route=%2Fwp%2Fv2%2Fcategories&post=280"},{"taxonomy":"post_tag","embeddable":true,"href":"http:\/\/www.soliconcuba-heidelberg.de\/index.php?rest_route=%2Fwp%2Fv2%2Ftags&post=280"}],"curies":[{"name":"wp","href":"https:\/\/api.w.org\/{rel}","templated":true}]}}