{"id":276,"date":"2022-01-16T13:58:30","date_gmt":"2022-01-16T12:58:30","guid":{"rendered":"http:\/\/www.soliconcuba-heidelberg.de\/?p=276"},"modified":"2022-01-16T13:58:30","modified_gmt":"2022-01-16T12:58:30","slug":"g-r-u-s-s-w-o-r-t","status":"publish","type":"post","link":"http:\/\/www.soliconcuba-heidelberg.de\/?p=276","title":{"rendered":"G R U S S W O R T"},"content":{"rendered":"\n<p>Liebe Besucherinnen und Besucher,<\/p>\n\n\n\n<p>die Ausstellung \u201e8000undeins\u201c im Welthaus vereint Kunst mit b\u00fcrgerschaftlichem Engagement. Mit dem Erl\u00f6s der Wanderausstellung der Fotografen Dietmar-Sebastian Fischer aus Heidelberg und Antonio Hernandez Conzales aus Havanna unterst\u00fctzen der Verein Soliconcuba Heidelberg und die Cuba-Hilfe Dortmund Kinder auf der Karibik-Insel.<\/p>\n\n\n\n<p>Das passt gut zu Heidelberg. Denn hier legen wir zum einen gro\u00dfen Wert auf ehrenamtliche T\u00e4tigkeiten, was an der regen Vereinst\u00e4tigkeit und Benefizveranstaltungen verschiedener Organisationen zu sehen ist. Zum anderen freuen wir uns \u00fcber die gelebte Kunst in der Stadt. Sie zeigt sich in den vielen Galerien mit ihren Vernissagen, aber auch in Kunstvereinigungen wie der GEDOK (Gemeinschaft der K\u00fcnstlerinnen und Kunstfreunde und -f\u00f6rderer) oder Veranstaltungen wie dem Fotofestival Mannheim-Ludwigshafen-Heidelberg. Das Engagement der Kunstszene unterst\u00fctzt die Kulturf\u00f6rderung der Stadt auch finanziell.<\/p>\n\n\n\n<p>Ich danke dem Verein Soliconcuba und der Cuba-Hilfe Dortmund f\u00fcr ihr Engagement sowie den beiden K\u00fcnstlern f\u00fcr ihre beeindruckenden Aufnahmen. Den Besucherinnen und Besuchern w\u00fcnsche ich interessante Einblicke in das Leben der Menschen auf Kuba und viel Spa\u00df beim Studieren des Ausstellungskatalogs.<\/p>\n\n\n\n<p>Prof. Dr. Eckart W\u00fcrzner<\/p>\n\n\n\n<p>Oberb\u00fcrgermeister<\/p>\n","protected":false},"excerpt":{"rendered":"<p>Liebe Besucherinnen und Besucher, die Ausstellung \u201e8000undeins\u201c im Welthaus vereint Kunst mit b\u00fcrgerschaftlichem Engagement. Mit dem Erl\u00f6s der Wanderausstellung der Fotografen Dietmar-Sebastian Fischer aus Heidelberg und Antonio Hernandez Conzales aus Havanna unterst\u00fctzen der Verein Soliconcuba Heidelberg und die Cuba-Hilfe Dortmund Kinder auf der Karibik-Insel. Das passt gut zu Heidelberg. Denn hier legen wir zum einen &hellip; <\/p>\n<p class=\"link-more\"><a href=\"http:\/\/www.soliconcuba-heidelberg.de\/?p=276\" class=\"more-link\"><span class=\"screen-reader-text\">\u201eG R U S S W O R T\u201c<\/span> weiterlesen<\/a><\/p>\n","protected":false},"author":1,"featured_media":0,"comment_status":"closed","ping_status":"open","sticky":false,"template":"","format":"standard","meta":{"inline_featured_image":false,"footnotes":""},"categories":[1],"tags":[],"class_list":["post-276","post","type-post","status-publish","format-standard","hentry","category-uncategorized"],"_links":{"self":[{"href":"http:\/\/www.soliconcuba-heidelberg.de\/index.php?rest_route=\/wp\/v2\/posts\/276","targetHints":{"allow":["GET"]}}],"collection":[{"href":"http:\/\/www.soliconcuba-heidelberg.de\/index.php?rest_route=\/wp\/v2\/posts"}],"about":[{"href":"http:\/\/www.soliconcuba-heidelberg.de\/index.php?rest_route=\/wp\/v2\/types\/post"}],"author":[{"embeddable":true,"href":"http:\/\/www.soliconcuba-heidelberg.de\/index.php?rest_route=\/wp\/v2\/users\/1"}],"replies":[{"embeddable":true,"href":"http:\/\/www.soliconcuba-heidelberg.de\/index.php?rest_route=%2Fwp%2Fv2%2Fcomments&post=276"}],"version-history":[{"count":1,"href":"http:\/\/www.soliconcuba-heidelberg.de\/index.php?rest_route=\/wp\/v2\/posts\/276\/revisions"}],"predecessor-version":[{"id":277,"href":"http:\/\/www.soliconcuba-heidelberg.de\/index.php?rest_route=\/wp\/v2\/posts\/276\/revisions\/277"}],"wp:attachment":[{"href":"http:\/\/www.soliconcuba-heidelberg.de\/index.php?rest_route=%2Fwp%2Fv2%2Fmedia&parent=276"}],"wp:term":[{"taxonomy":"category","embeddable":true,"href":"http:\/\/www.soliconcuba-heidelberg.de\/index.php?rest_route=%2Fwp%2Fv2%2Fcategories&post=276"},{"taxonomy":"post_tag","embeddable":true,"href":"http:\/\/www.soliconcuba-heidelberg.de\/index.php?rest_route=%2Fwp%2Fv2%2Ftags&post=276"}],"curies":[{"name":"wp","href":"https:\/\/api.w.org\/{rel}","templated":true}]}}