{"id":238,"date":"2019-09-06T20:17:53","date_gmt":"2019-09-06T19:17:53","guid":{"rendered":"http:\/\/www.soliconcuba-heidelberg.de\/?p=238"},"modified":"2019-09-06T20:30:14","modified_gmt":"2019-09-06T19:30:14","slug":"vortrag-klimawandel-alternativen","status":"publish","type":"post","link":"http:\/\/www.soliconcuba-heidelberg.de\/?p=238","title":{"rendered":"Vortrag: Klimawandel &#038; Alternativen"},"content":{"rendered":"\n<p>G\u00e4ste aus Nicaragua und El Salvador in Heidelberg<br><\/p>\n\n\n\n<h4 class=\"wp-block-heading\">Veranstaltungsrundreise<\/h4>\n\n\n\n<p>Ursachen und L\u00f6sungsans\u00e4tze f\u00fcr den Klimawandel aus der Perspektive kleinb\u00e4uerlicher Organisationen aus Zentralamerika \u2013 Entwicklung jenseits von Wachstum und Weltmarkt <\/p>\n\n\n\n<p>In Zentralamerika ist der Klimawandel l\u00e4ngst Realit\u00e4t. Mit dessen Folgen m\u00fcssen sich die Menschen Jahr f\u00fcr Jahr auseinandersetzen. Extreme D\u00fcrre, \u00dcberschwemmungen und immer<br> wieder auftretende Wirbelst\u00fcrme bedrohen das Leben vor allen der Kleinb\u00e4uerinnen und Kleinbauern. Weil bezweifelt werden muss, dass die internationale Gemeinschaft willens und in der Lage ist, dem Klimawandel etwas entgegenzusetzen, werden die Menschen in Zentralamerika selbst aktiv. Durch eine intelligente diversifiziere Landwirtschaft (Stichwort:<br> Nachhaltiges Leben \/ Agro\u00f6kologie) versuchen sie zum einen die Risiken unvorhersehbarer Wetterph\u00e4nomen abzumildern. Zum zweiten, tragen sie durch das Pflanzen von schattenspendenden B\u00e4umen und einer organischen Landwirtschaft zu einer Wiederaufforstung, Ver\u00e4nderung des Mikroklimas und der Gesundung der B\u00f6den bei. Der Aufbau eines Klima-Netzwerkes und lokalen von der Bev\u00f6lkerung betriebenen Messstationen<br> hilft, um die Aussaat und Anbauprodukte optimal an die erwarteten Niederschlagsmengen anzupassen. Landwirtschaft, Umwelt- und Klimaschutz bilden dadurch keinen Gegensatz mehr,<br> sondern erg\u00e4nzen sich gegenseitig.<\/p>\n\n\n\n<p> Auf der Veranstaltung werden Janett Castillo aus Nicaragua (MCN-Region Matagalpa) und Jos\u00e9 Guevara aus El Salvador (MOVIAC \/ ACUDESBAL \u2013 Region Bajo Lempa) dar\u00fcber berichten, wie ein auf Export und Wachstum basiertes Wirtschaftsmodell die \u00f6kologische Krise und den Klimawandel in Zentralamerika verursacht bzw. versch\u00e4rft haben. Bei dem Ansatz<br> einer \u00f6kologischen kleinb\u00e4uerlichen nachhaltigen Landwirtschaft in Zentralamerika hingegen geht es auch darum, mit diesem Entwicklungsmodell zu brechen. So wird eine Transformation<br> dahingehend angestrebt, dass die Menschen ihre Produktion in erster Linie darauf ausrichten, sich und ihre Familien sicher, gesund und nachhaltig versorgen zu k\u00f6nnen. Produktions\u00fcbersch\u00fcsse werden dann eher auf lokalen M\u00e4rkten verkauft. Das macht die<br> Menschen weniger abh\u00e4ngig von schwankender Nachfrage und Preisen auf den Weltm\u00e4rkten und n\u00e4hrt dabei die Hoffnung, den Klimawandel \u00fcberleben zu k\u00f6nnen.<\/p>\n\n\n\n<p> <strong>Zeit<\/strong>: Do., 17. Oktober. 2019 19.30 Uhr<br> <strong>Ort<\/strong>: Heidelberg, Karlstorbahnhof \u2013 Gumbelraum<br> <strong>Veranstalter<\/strong>: Solidaridad con Cuba Heidelberg im Eine-Welt-Zentrum<\/p>\n\n\n\n<figure class=\"wp-block-image\"><img loading=\"lazy\" decoding=\"async\" width=\"724\" height=\"1024\" src=\"http:\/\/www.soliconcuba-heidelberg.de\/wp-content\/uploads\/2019\/09\/RGB_cartel-GIRA_volante_Heidelberg-1-724x1024.jpg\" alt=\"\" class=\"wp-image-242\" srcset=\"http:\/\/www.soliconcuba-heidelberg.de\/wp-content\/uploads\/2019\/09\/RGB_cartel-GIRA_volante_Heidelberg-1-724x1024.jpg 724w, http:\/\/www.soliconcuba-heidelberg.de\/wp-content\/uploads\/2019\/09\/RGB_cartel-GIRA_volante_Heidelberg-1-212x300.jpg 212w, http:\/\/www.soliconcuba-heidelberg.de\/wp-content\/uploads\/2019\/09\/RGB_cartel-GIRA_volante_Heidelberg-1-768x1086.jpg 768w, http:\/\/www.soliconcuba-heidelberg.de\/wp-content\/uploads\/2019\/09\/RGB_cartel-GIRA_volante_Heidelberg-1.jpg 1200w\" sizes=\"auto, (max-width: 724px) 100vw, 724px\" \/><\/figure>\n","protected":false},"excerpt":{"rendered":"<p>G\u00e4ste aus Nicaragua und El Salvador in Heidelberg Veranstaltungsrundreise Ursachen und L\u00f6sungsans\u00e4tze f\u00fcr den Klimawandel aus der Perspektive kleinb\u00e4uerlicher Organisationen aus Zentralamerika \u2013 Entwicklung jenseits von Wachstum und Weltmarkt In Zentralamerika ist der Klimawandel l\u00e4ngst Realit\u00e4t. Mit dessen Folgen m\u00fcssen sich die Menschen Jahr f\u00fcr Jahr auseinandersetzen. Extreme D\u00fcrre, \u00dcberschwemmungen und immer wieder auftretende Wirbelst\u00fcrme &hellip; <\/p>\n<p class=\"link-more\"><a href=\"http:\/\/www.soliconcuba-heidelberg.de\/?p=238\" class=\"more-link\"><span class=\"screen-reader-text\">\u201eVortrag: Klimawandel &#038; Alternativen\u201c<\/span> weiterlesen<\/a><\/p>\n","protected":false},"author":1,"featured_media":0,"comment_status":"closed","ping_status":"open","sticky":false,"template":"","format":"standard","meta":{"inline_featured_image":false,"footnotes":""},"categories":[5],"tags":[],"class_list":["post-238","post","type-post","status-publish","format-standard","hentry","category-veranstaltungen"],"_links":{"self":[{"href":"http:\/\/www.soliconcuba-heidelberg.de\/index.php?rest_route=\/wp\/v2\/posts\/238","targetHints":{"allow":["GET"]}}],"collection":[{"href":"http:\/\/www.soliconcuba-heidelberg.de\/index.php?rest_route=\/wp\/v2\/posts"}],"about":[{"href":"http:\/\/www.soliconcuba-heidelberg.de\/index.php?rest_route=\/wp\/v2\/types\/post"}],"author":[{"embeddable":true,"href":"http:\/\/www.soliconcuba-heidelberg.de\/index.php?rest_route=\/wp\/v2\/users\/1"}],"replies":[{"embeddable":true,"href":"http:\/\/www.soliconcuba-heidelberg.de\/index.php?rest_route=%2Fwp%2Fv2%2Fcomments&post=238"}],"version-history":[{"count":2,"href":"http:\/\/www.soliconcuba-heidelberg.de\/index.php?rest_route=\/wp\/v2\/posts\/238\/revisions"}],"predecessor-version":[{"id":243,"href":"http:\/\/www.soliconcuba-heidelberg.de\/index.php?rest_route=\/wp\/v2\/posts\/238\/revisions\/243"}],"wp:attachment":[{"href":"http:\/\/www.soliconcuba-heidelberg.de\/index.php?rest_route=%2Fwp%2Fv2%2Fmedia&parent=238"}],"wp:term":[{"taxonomy":"category","embeddable":true,"href":"http:\/\/www.soliconcuba-heidelberg.de\/index.php?rest_route=%2Fwp%2Fv2%2Fcategories&post=238"},{"taxonomy":"post_tag","embeddable":true,"href":"http:\/\/www.soliconcuba-heidelberg.de\/index.php?rest_route=%2Fwp%2Fv2%2Ftags&post=238"}],"curies":[{"name":"wp","href":"https:\/\/api.w.org\/{rel}","templated":true}]}}