{"id":175,"date":"2018-04-08T14:50:19","date_gmt":"2018-04-08T13:50:19","guid":{"rendered":"http:\/\/www.soliconcuba-heidelberg.de\/?p=175"},"modified":"2025-10-09T16:31:54","modified_gmt":"2025-10-09T15:31:54","slug":"proyecto-tamara-bunke-2","status":"publish","type":"post","link":"http:\/\/www.soliconcuba-heidelberg.de\/?p=175","title":{"rendered":"Proyecto Tamara Bunke"},"content":{"rendered":"<p style=\"text-align: center;\"><b>F\u00fcnf Monate oder l\u00e4nger auf Cuba!<\/b><\/p>\n<p><span style=\"font-weight: 400;\"><img loading=\"lazy\" decoding=\"async\" class=\"wp-image-120 aligncenter\" style=\"font-size: 1rem;\" src=\"http:\/\/www.soliconcuba-heidelberg.de\/wp-content\/uploads\/2017\/03\/tamara-300x300.jpg\" alt=\"\" width=\"539\" height=\"539\" srcset=\"http:\/\/www.soliconcuba-heidelberg.de\/wp-content\/uploads\/2017\/03\/tamara-300x300.jpg 300w, http:\/\/www.soliconcuba-heidelberg.de\/wp-content\/uploads\/2017\/03\/tamara-150x150.jpg 150w, http:\/\/www.soliconcuba-heidelberg.de\/wp-content\/uploads\/2017\/03\/tamara-768x768.jpg 768w, http:\/\/www.soliconcuba-heidelberg.de\/wp-content\/uploads\/2017\/03\/tamara-100x100.jpg 100w, http:\/\/www.soliconcuba-heidelberg.de\/wp-content\/uploads\/2017\/03\/tamara.jpg 888w\" sizes=\"auto, (max-width: 539px) 100vw, 539px\" \/><\/span><\/p>\n<p><span style=\"font-weight: 400;\">Weil viel Interesse f\u00fcr dieses Projekt besteht, sind wir wieder dieses Jahr f\u00fcr euch da! \u00a0\u00a0\u00a0\u00a0\u00a0\u00a0\u00a0\u00a0\u00a0\u00a0\u00a0\u00a0\u00a0\u00a0\u00a0\u00a0\u00a0\u00a0\u00a0<\/span><\/p>\n<p><span style=\"font-weight: 400;\">Seit \u00fcber vier Jahren bietet das Projekt Tamara Bunke in Zusammenarbeit mit der Universit\u00e4t La Cujae in Havanna jungen Leuten die M\u00f6glichkeit ganz unabh\u00e4ngig von ihrem Bildungsstand und Alter Cuba im Rahmen eines Studiums kennenzulernen. Dabei geht es nicht um ein klassisches Studium, sondern um ein politisches Projekt, das ganz neue Perspektiven \u00fcber Cuba er\u00f6ffnet! Im Februar und September besteht die M\u00f6glichkeit in Gruppen nach Cuba zu reisen und teilzunehmen.\u00a0<\/span><\/p>\n<p><span style=\"font-weight: 400;\">Das Projekt, das von der Freundschaftsgesellschaft BRD- Kuba und der SDAJ gegr\u00fcndet wurde, erm\u00f6glicht jungen Menschen Cuba zu entdecken und die Entwicklungen mit eigenen Augen zu \u00a0beobachten. Ehemalige Teilnehmer des Projektes, die vor kurzem aus Cuba zur\u00fcckgekommen sind, berichten \u00fcber ihre Erfahrungen und Erlebnisse.<\/span><\/p>\n<p><span style=\"font-weight: 400;\">F\u00fcr Fragen und weitere Informationen stehen euch die Referenten zur Verf\u00fcgung. <\/span><\/p>\n<p><span style=\"font-weight: 400;\">Neugierig? Komm vorbei und sei dabei! \u00a0<\/span><\/p>\n<p><b>Datum: Donnertag, 24.05.2018 \u00a0\u00a020.00 Uhr<br \/>\n<\/b><b>Ort: Heidelberg Karlstorbahnhof, Gumbelraum<br \/>\n<\/b><b>Eintritt: 4 Euro\/ 2 Euro (erm.) <\/b><\/p>\n<p><b>Veranstalter: Solidaridad con Cuba Heidelberg<br \/>\n<\/b><b>www.soliconcuba-heidelberg.de<\/b><\/p>\n<p>&nbsp;<\/p>\n","protected":false},"excerpt":{"rendered":"<p>F\u00fcnf Monate oder l\u00e4nger auf Cuba! Weil viel Interesse f\u00fcr dieses Projekt besteht, sind wir wieder dieses Jahr f\u00fcr euch da! \u00a0\u00a0\u00a0\u00a0\u00a0\u00a0\u00a0\u00a0\u00a0\u00a0\u00a0\u00a0\u00a0\u00a0\u00a0\u00a0\u00a0\u00a0\u00a0 Seit \u00fcber vier Jahren bietet das Projekt Tamara Bunke in Zusammenarbeit mit der Universit\u00e4t La Cujae in Havanna jungen Leuten die M\u00f6glichkeit ganz unabh\u00e4ngig von ihrem Bildungsstand und Alter Cuba im Rahmen eines &hellip; <\/p>\n<p class=\"link-more\"><a href=\"http:\/\/www.soliconcuba-heidelberg.de\/?p=175\" class=\"more-link\"><span class=\"screen-reader-text\">\u201eProyecto Tamara Bunke\u201c<\/span> weiterlesen<\/a><\/p>\n","protected":false},"author":1,"featured_media":0,"comment_status":"closed","ping_status":"open","sticky":false,"template":"","format":"standard","meta":{"inline_featured_image":false,"footnotes":""},"categories":[1],"tags":[],"class_list":["post-175","post","type-post","status-publish","format-standard","hentry","category-uncategorized"],"_links":{"self":[{"href":"http:\/\/www.soliconcuba-heidelberg.de\/index.php?rest_route=\/wp\/v2\/posts\/175","targetHints":{"allow":["GET"]}}],"collection":[{"href":"http:\/\/www.soliconcuba-heidelberg.de\/index.php?rest_route=\/wp\/v2\/posts"}],"about":[{"href":"http:\/\/www.soliconcuba-heidelberg.de\/index.php?rest_route=\/wp\/v2\/types\/post"}],"author":[{"embeddable":true,"href":"http:\/\/www.soliconcuba-heidelberg.de\/index.php?rest_route=\/wp\/v2\/users\/1"}],"replies":[{"embeddable":true,"href":"http:\/\/www.soliconcuba-heidelberg.de\/index.php?rest_route=%2Fwp%2Fv2%2Fcomments&post=175"}],"version-history":[{"count":2,"href":"http:\/\/www.soliconcuba-heidelberg.de\/index.php?rest_route=\/wp\/v2\/posts\/175\/revisions"}],"predecessor-version":[{"id":355,"href":"http:\/\/www.soliconcuba-heidelberg.de\/index.php?rest_route=\/wp\/v2\/posts\/175\/revisions\/355"}],"wp:attachment":[{"href":"http:\/\/www.soliconcuba-heidelberg.de\/index.php?rest_route=%2Fwp%2Fv2%2Fmedia&parent=175"}],"wp:term":[{"taxonomy":"category","embeddable":true,"href":"http:\/\/www.soliconcuba-heidelberg.de\/index.php?rest_route=%2Fwp%2Fv2%2Fcategories&post=175"},{"taxonomy":"post_tag","embeddable":true,"href":"http:\/\/www.soliconcuba-heidelberg.de\/index.php?rest_route=%2Fwp%2Fv2%2Ftags&post=175"}],"curies":[{"name":"wp","href":"https:\/\/api.w.org\/{rel}","templated":true}]}}