{"id":173,"date":"2018-04-08T14:46:21","date_gmt":"2018-04-08T13:46:21","guid":{"rendered":"http:\/\/www.soliconcuba-heidelberg.de\/?p=173"},"modified":"2025-10-09T16:31:44","modified_gmt":"2025-10-09T15:31:44","slug":"noche-cubana-cubanische-party","status":"publish","type":"post","link":"http:\/\/www.soliconcuba-heidelberg.de\/?p=173","title":{"rendered":"Noche Cubana \/ Cubanische Party"},"content":{"rendered":"<p><span style=\"font-weight: 400;\">Bei der <\/span><i><span style=\"font-weight: 400;\">Noche Cubana<\/span><\/i><span style=\"font-weight: 400;\"> wird gefeiert, bis der Morgen graut \u2013 mit DJ Martin! Richtig hei\u00dfe Rhythmen von Salsa, Son, Merengue \u00fcber Bachata und Reggaet\u00f3n bis hin zu Cumbia heizen uns ein und lassen uns tanzen und feiern. Doch auch wer nicht tanzt, kommt hier garatniert auf seine Kosten! Den Durst l\u00f6scht man am besten mit original cubanischen Cocktails \u2013 Cuba libre, Mojito&#8230;<\/span><\/p>\n<p><span style=\"font-weight: 400;\">Wir freuen uns auf zahlreiche Besucher!<\/span><\/p>\n<p><span style=\"font-weight: 400;\">Ein Spezialprogramm ist um 21.00 Uhr vorgesehen: Wir haben f\u00fcr alle Interessierten einen Salsa-Schnupperkurs mit einem\/r cubanischen Tanzlehrer\/in organisiert. \u00a0Zu essen gibt es \u201eCroquet a la Cubana\u201d. <\/span><\/p>\n<p><i><span style=\"font-weight: 400;\">Una fiesta para todos!<\/span><\/i><\/p>\n<p><b>Freitag, 15. Juni. 2018<br \/>\n<\/b><b>Beginn: 21.00 Uhr (mit Schnupperkurs)<br \/>\n<\/b><b>Karlstorbahnhof, Saal<br \/>\n<\/b><b>Eintritt: \u20ac 5.- \/ \u20ac 8.-<\/b><\/p>\n<p><b>Veranstalter: Solidaridad con Cuba Heidelberg<br \/>\n<\/b><b>www.soliconcuba-heidelberg.de<\/b><\/p>\n","protected":false},"excerpt":{"rendered":"<p>Bei der Noche Cubana wird gefeiert, bis der Morgen graut \u2013 mit DJ Martin! Richtig hei\u00dfe Rhythmen von Salsa, Son, Merengue \u00fcber Bachata und Reggaet\u00f3n bis hin zu Cumbia heizen uns ein und lassen uns tanzen und feiern. Doch auch wer nicht tanzt, kommt hier garatniert auf seine Kosten! Den Durst l\u00f6scht man am besten &hellip; <\/p>\n<p class=\"link-more\"><a href=\"http:\/\/www.soliconcuba-heidelberg.de\/?p=173\" class=\"more-link\"><span class=\"screen-reader-text\">\u201eNoche Cubana \/ Cubanische Party\u201c<\/span> weiterlesen<\/a><\/p>\n","protected":false},"author":1,"featured_media":0,"comment_status":"closed","ping_status":"open","sticky":false,"template":"","format":"standard","meta":{"inline_featured_image":false,"footnotes":""},"categories":[4],"tags":[],"class_list":["post-173","post","type-post","status-publish","format-standard","hentry","category-noche-cubana"],"_links":{"self":[{"href":"http:\/\/www.soliconcuba-heidelberg.de\/index.php?rest_route=\/wp\/v2\/posts\/173","targetHints":{"allow":["GET"]}}],"collection":[{"href":"http:\/\/www.soliconcuba-heidelberg.de\/index.php?rest_route=\/wp\/v2\/posts"}],"about":[{"href":"http:\/\/www.soliconcuba-heidelberg.de\/index.php?rest_route=\/wp\/v2\/types\/post"}],"author":[{"embeddable":true,"href":"http:\/\/www.soliconcuba-heidelberg.de\/index.php?rest_route=\/wp\/v2\/users\/1"}],"replies":[{"embeddable":true,"href":"http:\/\/www.soliconcuba-heidelberg.de\/index.php?rest_route=%2Fwp%2Fv2%2Fcomments&post=173"}],"version-history":[{"count":2,"href":"http:\/\/www.soliconcuba-heidelberg.de\/index.php?rest_route=\/wp\/v2\/posts\/173\/revisions"}],"predecessor-version":[{"id":354,"href":"http:\/\/www.soliconcuba-heidelberg.de\/index.php?rest_route=\/wp\/v2\/posts\/173\/revisions\/354"}],"wp:attachment":[{"href":"http:\/\/www.soliconcuba-heidelberg.de\/index.php?rest_route=%2Fwp%2Fv2%2Fmedia&parent=173"}],"wp:term":[{"taxonomy":"category","embeddable":true,"href":"http:\/\/www.soliconcuba-heidelberg.de\/index.php?rest_route=%2Fwp%2Fv2%2Fcategories&post=173"},{"taxonomy":"post_tag","embeddable":true,"href":"http:\/\/www.soliconcuba-heidelberg.de\/index.php?rest_route=%2Fwp%2Fv2%2Ftags&post=173"}],"curies":[{"name":"wp","href":"https:\/\/api.w.org\/{rel}","templated":true}]}}