{"id":157,"date":"2017-08-25T12:11:21","date_gmt":"2017-08-25T11:11:21","guid":{"rendered":"http:\/\/www.soliconcuba-heidelberg.de\/?p=157"},"modified":"2025-10-09T16:31:04","modified_gmt":"2025-10-09T15:31:04","slug":"por-los-caminos-del-che","status":"publish","type":"post","link":"http:\/\/www.soliconcuba-heidelberg.de\/?p=157","title":{"rendered":"Por los Caminos del Che"},"content":{"rendered":"<p><img loading=\"lazy\" decoding=\"async\" class=\"aligncenter wp-image-159 size-large\" src=\"http:\/\/www.soliconcuba-heidelberg.de\/wp-content\/uploads\/2017\/08\/che-1024x717.jpg\" alt=\"\" width=\"525\" height=\"368\" srcset=\"http:\/\/www.soliconcuba-heidelberg.de\/wp-content\/uploads\/2017\/08\/che-1024x717.jpg 1024w, http:\/\/www.soliconcuba-heidelberg.de\/wp-content\/uploads\/2017\/08\/che-300x210.jpg 300w, http:\/\/www.soliconcuba-heidelberg.de\/wp-content\/uploads\/2017\/08\/che-768x537.jpg 768w\" sizes=\"auto, (max-width: 525px) 100vw, 525px\" \/><\/p>\n<p>Die 50. Wiederkehr des Tages von Ches Ermordung ist f\u00fcr uns Anlass zu einer wohl einmaligen Ausstellung: In eindringlichen, bekannten wie v\u00f6llig unbekannten Schwarz-Wei\u00df-Aufnahmen verfolgen wir die Stationen seines Lebens, angefangen in seinem argentinischen Geburtsort Rosario de la F\u00e9 \u00fcber die Revolution in Cuba, den Einsatz in Afrika bis hin nach Bolivien. Bis heute gilt Che \u00fcberall in der Welt als Symbol des sozialen Widerstandes und ist das Idol von Millionen von Menschen. Seine Ehrlichkeit, seine konsequente Haltung, sein Mut und seine Menschlichkeit haben Vorbildcharakter und \u00fcben noch heute eine starke Ausstrahlung auf viele Menschen aus. Mit unserer Fotoausstellung m\u00f6chten wir an Che gedenken. Dazu laden wir Euch herzlich ein.<\/p>\n<p style=\"text-align: center;\">Ausstellungsbeginn: Mo 16.10. bis 13.11.2017<\/p>\n<p>Mo-Fr 10-18 Uhr<\/p>\n<p>Ort: Welthaus am Willy-Brandt-Platz 5 am Hauptbahnhof Heidelberg<\/p>\n<p style=\"text-align: center;\">Veranstalter: Solidaridad con Cuba Heidelberg<\/p>\n","protected":false},"excerpt":{"rendered":"<p>Die 50. Wiederkehr des Tages von Ches Ermordung ist f\u00fcr uns Anlass zu einer wohl einmaligen Ausstellung: In eindringlichen, bekannten wie v\u00f6llig unbekannten Schwarz-Wei\u00df-Aufnahmen verfolgen wir die Stationen seines Lebens, angefangen in seinem argentinischen Geburtsort Rosario de la F\u00e9 \u00fcber die Revolution in Cuba, den Einsatz in Afrika bis hin nach Bolivien. Bis heute gilt &hellip; <\/p>\n<p class=\"link-more\"><a href=\"http:\/\/www.soliconcuba-heidelberg.de\/?p=157\" class=\"more-link\"><span class=\"screen-reader-text\">\u201ePor los Caminos del Che\u201c<\/span> weiterlesen<\/a><\/p>\n","protected":false},"author":1,"featured_media":0,"comment_status":"closed","ping_status":"open","sticky":false,"template":"","format":"standard","meta":{"inline_featured_image":false,"footnotes":""},"categories":[1],"tags":[],"class_list":["post-157","post","type-post","status-publish","format-standard","hentry","category-uncategorized"],"_links":{"self":[{"href":"http:\/\/www.soliconcuba-heidelberg.de\/index.php?rest_route=\/wp\/v2\/posts\/157","targetHints":{"allow":["GET"]}}],"collection":[{"href":"http:\/\/www.soliconcuba-heidelberg.de\/index.php?rest_route=\/wp\/v2\/posts"}],"about":[{"href":"http:\/\/www.soliconcuba-heidelberg.de\/index.php?rest_route=\/wp\/v2\/types\/post"}],"author":[{"embeddable":true,"href":"http:\/\/www.soliconcuba-heidelberg.de\/index.php?rest_route=\/wp\/v2\/users\/1"}],"replies":[{"embeddable":true,"href":"http:\/\/www.soliconcuba-heidelberg.de\/index.php?rest_route=%2Fwp%2Fv2%2Fcomments&post=157"}],"version-history":[{"count":3,"href":"http:\/\/www.soliconcuba-heidelberg.de\/index.php?rest_route=\/wp\/v2\/posts\/157\/revisions"}],"predecessor-version":[{"id":351,"href":"http:\/\/www.soliconcuba-heidelberg.de\/index.php?rest_route=\/wp\/v2\/posts\/157\/revisions\/351"}],"wp:attachment":[{"href":"http:\/\/www.soliconcuba-heidelberg.de\/index.php?rest_route=%2Fwp%2Fv2%2Fmedia&parent=157"}],"wp:term":[{"taxonomy":"category","embeddable":true,"href":"http:\/\/www.soliconcuba-heidelberg.de\/index.php?rest_route=%2Fwp%2Fv2%2Fcategories&post=157"},{"taxonomy":"post_tag","embeddable":true,"href":"http:\/\/www.soliconcuba-heidelberg.de\/index.php?rest_route=%2Fwp%2Fv2%2Ftags&post=157"}],"curies":[{"name":"wp","href":"https:\/\/api.w.org\/{rel}","templated":true}]}}